{"id":105,"date":"2022-02-15T18:46:57","date_gmt":"2022-02-15T17:46:57","guid":{"rendered":"https:\/\/www.myjeedhome.ovh\/?p=105"},"modified":"2023-08-01T11:58:56","modified_gmt":"2023-08-01T09:58:56","slug":"colloque-2022-du-capa","status":"publish","type":"post","link":"https:\/\/www.psychopathoado-bordeaux.fr\/index.php\/2022\/02\/15\/colloque-2022-du-capa\/","title":{"rendered":"Colloque 2022 du CAPA"},"content":{"rendered":"\t\t<div data-elementor-type=\"wp-post\" data-elementor-id=\"105\" class=\"elementor elementor-105\" data-elementor-post-type=\"post\">\n\t\t\t\t\t\t<section class=\"elementor-section elementor-top-section elementor-element elementor-element-173dd91 elementor-section-boxed elementor-section-height-default elementor-section-height-default\" data-id=\"173dd91\" data-element_type=\"section\">\n\t\t\t\t\t\t<div class=\"elementor-container elementor-column-gap-default\">\n\t\t\t\t\t<div class=\"elementor-column elementor-col-100 elementor-top-column elementor-element elementor-element-9649dd7\" data-id=\"9649dd7\" data-element_type=\"column\">\n\t\t\t<div class=\"elementor-widget-wrap elementor-element-populated\">\n\t\t\t\t\t\t<div class=\"elementor-element elementor-element-acccf96 elementor-widget elementor-widget-heading\" data-id=\"acccf96\" data-element_type=\"widget\" data-widget_type=\"heading.default\">\n\t\t\t\t<div class=\"elementor-widget-container\">\n\t\t\t\t\t<h2 class=\"elementor-heading-title elementor-size-default\">\u00ab \u00abNE PAS \u00caTRE POUR \u00caTRE\u00bb\nLE D\u00c9CROCHAGE, UNE CLINIQUE ACTUELLE DE L\u2019ADOLESCENCE ? \u00bb<br><h2 data-elementor-setting-key=\"title\" data-pen-placeholder=\"\u00c9crivez ici...\" style=\"font-family: Roboto, sans-serif;font-weight: var( --e-global-typography-primary-font-weight )\"><\/h2><\/h2>\t\t\t\t<\/div>\n\t\t\t\t<\/div>\n\t\t\t\t<div class=\"elementor-element elementor-element-2bd0133 elementor-widget-divider--view-line elementor-widget elementor-widget-divider\" data-id=\"2bd0133\" data-element_type=\"widget\" data-widget_type=\"divider.default\">\n\t\t\t\t<div class=\"elementor-widget-container\">\n\t\t\t\t\t\t\t<div class=\"elementor-divider\">\n\t\t\t<span class=\"elementor-divider-separator\">\n\t\t\t\t\t\t<\/span>\n\t\t<\/div>\n\t\t\t\t\t\t<\/div>\n\t\t\t\t<\/div>\n\t\t\t\t\t<\/div>\n\t\t<\/div>\n\t\t\t\t\t<\/div>\n\t\t<\/section>\n\t\t\t\t<section class=\"elementor-section elementor-top-section elementor-element elementor-element-06d3dd3 elementor-section-boxed elementor-section-height-default elementor-section-height-default\" data-id=\"06d3dd3\" data-element_type=\"section\">\n\t\t\t\t\t\t<div class=\"elementor-container elementor-column-gap-default\">\n\t\t\t\t\t<div class=\"elementor-column elementor-col-100 elementor-top-column elementor-element elementor-element-276937b\" data-id=\"276937b\" data-element_type=\"column\">\n\t\t\t<div class=\"elementor-widget-wrap elementor-element-populated\">\n\t\t\t\t\t\t<div class=\"elementor-element elementor-element-17b8227 elementor-widget elementor-widget-image\" data-id=\"17b8227\" data-element_type=\"widget\" data-widget_type=\"image.default\">\n\t\t\t\t<div class=\"elementor-widget-container\">\n\t\t\t\t\t\t\t\t\t\t\t\t\t\t\t<img fetchpriority=\"high\" decoding=\"async\" width=\"744\" height=\"1024\" src=\"https:\/\/www.psychopathoado-bordeaux.fr\/wp-content\/uploads\/2022\/02\/CAPA-affiche-programme-744x1024.jpg\" class=\"attachment-large size-large wp-image-1358\" alt=\"\" srcset=\"https:\/\/www.psychopathoado-bordeaux.fr\/wp-content\/uploads\/2022\/02\/CAPA-affiche-programme-744x1024.jpg 744w, https:\/\/www.psychopathoado-bordeaux.fr\/wp-content\/uploads\/2022\/02\/CAPA-affiche-programme-218x300.jpg 218w, https:\/\/www.psychopathoado-bordeaux.fr\/wp-content\/uploads\/2022\/02\/CAPA-affiche-programme-768x1057.jpg 768w, https:\/\/www.psychopathoado-bordeaux.fr\/wp-content\/uploads\/2022\/02\/CAPA-affiche-programme-1116x1536.jpg 1116w, https:\/\/www.psychopathoado-bordeaux.fr\/wp-content\/uploads\/2022\/02\/CAPA-affiche-programme-1489x2048.jpg 1489w, https:\/\/www.psychopathoado-bordeaux.fr\/wp-content\/uploads\/2022\/02\/CAPA-affiche-programme-scaled.jpg 1861w\" sizes=\"(max-width: 744px) 100vw, 744px\" \/>\t\t\t\t\t\t\t\t\t\t\t\t\t\t\t<\/div>\n\t\t\t\t<\/div>\n\t\t\t\t\t<\/div>\n\t\t<\/div>\n\t\t\t\t\t<\/div>\n\t\t<\/section>\n\t\t\t\t<section class=\"elementor-section elementor-top-section elementor-element elementor-element-402de63 elementor-section-boxed elementor-section-height-default elementor-section-height-default\" data-id=\"402de63\" data-element_type=\"section\">\n\t\t\t\t\t\t<div class=\"elementor-container elementor-column-gap-default\">\n\t\t\t\t\t<div class=\"elementor-column elementor-col-100 elementor-top-column elementor-element elementor-element-e53d488\" data-id=\"e53d488\" data-element_type=\"column\">\n\t\t\t<div class=\"elementor-widget-wrap elementor-element-populated\">\n\t\t\t\t\t\t<div class=\"elementor-element elementor-element-c65ed4c elementor-widget-divider--view-line elementor-widget elementor-widget-divider\" data-id=\"c65ed4c\" data-element_type=\"widget\" data-widget_type=\"divider.default\">\n\t\t\t\t<div class=\"elementor-widget-container\">\n\t\t\t\t\t\t\t<div class=\"elementor-divider\">\n\t\t\t<span class=\"elementor-divider-separator\">\n\t\t\t\t\t\t<\/span>\n\t\t<\/div>\n\t\t\t\t\t\t<\/div>\n\t\t\t\t<\/div>\n\t\t\t\t\t<\/div>\n\t\t<\/div>\n\t\t\t\t\t<\/div>\n\t\t<\/section>\n\t\t\t\t<section class=\"elementor-section elementor-top-section elementor-element elementor-element-3033d2a3 elementor-section-boxed elementor-section-height-default elementor-section-height-default\" data-id=\"3033d2a3\" data-element_type=\"section\">\n\t\t\t\t\t\t<div class=\"elementor-container elementor-column-gap-default\">\n\t\t\t\t\t<div class=\"elementor-column elementor-col-100 elementor-top-column elementor-element elementor-element-142617b4\" data-id=\"142617b4\" data-element_type=\"column\">\n\t\t\t<div class=\"elementor-widget-wrap elementor-element-populated\">\n\t\t\t\t\t\t<div class=\"elementor-element elementor-element-064196c elementor-widget elementor-widget-heading\" data-id=\"064196c\" data-element_type=\"widget\" data-widget_type=\"heading.default\">\n\t\t\t\t<div class=\"elementor-widget-container\">\n\t\t\t\t\t<h2 class=\"elementor-heading-title elementor-size-default\">\u201cNE PAS \u00caTRE POUR \u00caTRE\u201d<br>LE D\u00c9CROCHAGE, UNE CLINIQUE<br>ACTUELLE DE L\u2019ADOLESCENCE ?<\/h2>\t\t\t\t<\/div>\n\t\t\t\t<\/div>\n\t\t\t\t<div class=\"elementor-element elementor-element-0fe0bb4 elementor-widget elementor-widget-text-editor\" data-id=\"0fe0bb4\" data-element_type=\"widget\" data-widget_type=\"text-editor.default\">\n\t\t\t\t<div class=\"elementor-widget-container\">\n\t\t\t\t\t\t\t\t\t<h2 style=\"font-family: Roboto, sans-serif; color: rgb(56, 68, 84);\">ARGUMENT du XXI\u00e8me COLLOQUE du CAPA<\/h2><h3 style=\"font-family: Roboto, sans-serif; color: rgb(56, 68, 84);\">\u00ab Ne pas \u00eatre pour \u00eatre. \u00bb<br>Ils d\u00e9crochent\u2026 mais de quoi ?<br>Choisissent-ils leur exil ?<\/h3>\t\t\t\t\t\t\t\t<\/div>\n\t\t\t\t<\/div>\n\t\t\t\t<div class=\"elementor-element elementor-element-517fdbd elementor-widget elementor-widget-text-editor\" data-id=\"517fdbd\" data-element_type=\"widget\" data-widget_type=\"text-editor.default\">\n\t\t\t\t<div class=\"elementor-widget-container\">\n\t\t\t\t\t\t\t\t\t<p><span style=\"font-family: monospace, monospace; font-size: 1em; white-space: pre-wrap; color: var( --e-global-color-text ); font-weight: var( --e-global-typography-text-font-weight );\">&#8211; O\u00f9 vas-tu ? demande l\u2019\u00e9tranger \u00e0 un adolescent.<\/span><\/p><p><span style=\"font-family: monospace, monospace; font-size: 1em; white-space: pre-wrap; color: var( --e-global-color-text ); font-weight: var( --e-global-typography-secondary-font-weight );\">&#8211; Je ne sais pas. Je ne veux que partir d\u2019ici, sans cesse partir d\u2019ici, ce n\u2019est qu\u2019ainsi que je <\/span><span style=\"font-family: monospace, monospace; font-size: 1em; white-space: pre-wrap; color: var( --e-global-color-text ); font-weight: var( --e-global-typography-secondary-font-weight );\">pourrai atteindre mon but.<\/span><\/p><pre>- Donc, tu connais ton but ?<br><br>- Oui, r\u00e9pond l\u2019adolescent, ne te l\u2019ai-je pas d\u00e9j\u00e0 dit ? Partir d\u2019ici est mon but.<br><\/pre>\n<pre>(Fr. Kafka)<\/pre>\n<p>\u00ab Je me suis toujours \u00e9t\u00e9 un autre \u00bb, \u00e9crivait Romain Gary dans \u00ab Vie et mort \u00bb, sous le nom d\u2019Emile Ajar, un de ses cinq pseudonymes en 1981.<\/p>\n<p>Les exemples ne manquent pas, dans la litt\u00e9rature, d\u2019\u00e9vocation de ce questionnement identitaire et des formes qu\u2019il peut prendre.<\/p>\n<p>\u00ab On peut postuler que les adolescents se consid\u00e8rent du fait qu\u2019on les consid\u00e8re\u2026 \u00bb i<span style=\"color: var( --e-global-color-text ); font-family: var( --e-global-typography-secondary-font-family ), Sans-serif; font-weight: var( --e-global-typography-secondary-font-weight ); font-size: 1rem;\">dentit\u00e9 et identification sont alors pratiquement un seul et m\u00eame mouvement. On retrouve \u00e0 l\u2019ado<\/span><span style=\"color: var( --e-global-color-text ); font-family: var( --e-global-typography-secondary-font-family ), Sans-serif; font-weight: var( --e-global-typography-secondary-font-weight ); font-size: 1rem;\">lescence, avec une acuit\u00e9 particuli\u00e8re, cette constante communication anxieuse entre <\/span><span style=\"color: var( --e-global-color-text ); font-family: var( --e-global-typography-secondary-font-family ), Sans-serif; font-weight: var( --e-global-typography-secondary-font-weight ); font-size: 1rem;\">l\u2019autre et soi-m\u00eame, entre identit\u00e9 et identification\u2026 \u00bb \u00e9crivait Evelyne Kestemberg en 1962.<\/span><\/p>\n<p>\u00ab Ne pas \u00eatre pour \u00eatre. \u00bb<\/p>\n<p>Cette \u00ab question \u00bb, que nous posent les adolescents, ne peut qu\u2019ouvrir la voie \u00e0 une incessante recherche de leurs modes d\u2019accompagnement pour qu\u2019ils re<span style=\"color: var( --e-global-color-text ); font-family: var( --e-global-typography-secondary-font-family ), Sans-serif; font-weight: var( --e-global-typography-secondary-font-weight ); font-size: 1rem;\">trouvent leur capacit\u00e9 \u00e0&nbsp;&nbsp;<\/span><span style=\"color: var( --e-global-color-text ); font-family: var( --e-global-typography-secondary-font-family ), Sans-serif; font-weight: var( --e-global-typography-secondary-font-weight ); font-size: 1rem;\">accepter d\u2019\u00eatre sujets de leur histoire.<\/span><\/p>\n<p>La recherche des r\u00e9ponses, le \u00ab langage \u00bb \u00e0 tenir \u00e0 l\u2019adolescent pour qu\u2019il sache qu\u2019il peut revenir de son \u00ab exil \u00bb, tels seront les th\u00e8mes de ce colloque.<\/p>\n<p>En 1921, d\u00e9j\u00e0\u2026 Franz Kafka \u00e9crivait \u00e0 son ami Max Brod : \u00ab L\u2019exil est d\u2019abord dans le langage \u00bb.<\/p>\t\t\t\t\t\t\t\t<\/div>\n\t\t\t\t<\/div>\n\t\t\t\t\t<\/div>\n\t\t<\/div>\n\t\t\t\t\t<\/div>\n\t\t<\/section>\n\t\t\t\t<\/div>\n\t\t","protected":false},"excerpt":{"rendered":"<p>\u00ab \u00abNE PAS \u00caTRE POUR \u00caTRE\u00bb LE D\u00c9CROCHAGE, UNE CLINIQUE ACTUELLE DE L\u2019ADOLESCENCE ? \u00bb \u201cNE PAS \u00caTRE POUR \u00caTRE\u201d LE D\u00c9CROCHAGE, UNE CLINIQUE ACTUELLE DE L\u2019ADOLESCENCE ? ARGUMENT du XXI\u00e8me COLLOQUE du CAPA \u00ab Ne pas \u00eatre pour \u00eatre. \u00bb Ils d\u00e9crochent\u2026 mais de quoi ? Choisissent-ils leur exil ? &#8211; O\u00f9 vas-tu ? [&hellip;]<\/p>\n","protected":false},"author":1,"featured_media":803,"comment_status":"open","ping_status":"open","sticky":false,"template":"","format":"standard","meta":{"footnotes":""},"categories":[7],"tags":[],"class_list":["post-105","post","type-post","status-publish","format-standard","has-post-thumbnail","hentry","category-historique-des-evenements"],"yoast_head":"<!-- This site is optimized with the Yoast SEO plugin v26.2 - https:\/\/yoast.com\/wordpress\/plugins\/seo\/ -->\n<title>Colloque 2022 du CAPA - CAPA<\/title>\n<meta name=\"robots\" content=\"index, follow, max-snippet:-1, max-image-preview:large, max-video-preview:-1\" \/>\n<link rel=\"canonical\" href=\"https:\/\/www.psychopathoado-bordeaux.fr\/index.php\/2022\/02\/15\/colloque-2022-du-capa\/\" \/>\n<meta property=\"og:locale\" content=\"fr_FR\" \/>\n<meta property=\"og:type\" content=\"article\" \/>\n<meta property=\"og:title\" content=\"Colloque 2022 du CAPA - CAPA\" \/>\n<meta property=\"og:description\" content=\"\u00ab \u00abNE PAS \u00caTRE POUR \u00caTRE\u00bb LE D\u00c9CROCHAGE, UNE CLINIQUE ACTUELLE DE L\u2019ADOLESCENCE ? \u00bb \u201cNE PAS \u00caTRE POUR \u00caTRE\u201d LE D\u00c9CROCHAGE, UNE CLINIQUE ACTUELLE DE L\u2019ADOLESCENCE ? ARGUMENT du XXI\u00e8me COLLOQUE du CAPA \u00ab Ne pas \u00eatre pour \u00eatre. \u00bb Ils d\u00e9crochent\u2026 mais de quoi ? Choisissent-ils leur exil ? &#8211; O\u00f9 vas-tu ? [&hellip;]\" \/>\n<meta property=\"og:url\" content=\"https:\/\/www.psychopathoado-bordeaux.fr\/index.php\/2022\/02\/15\/colloque-2022-du-capa\/\" \/>\n<meta property=\"og:site_name\" content=\"CAPA\" \/>\n<meta property=\"article:published_time\" content=\"2022-02-15T17:46:57+00:00\" \/>\n<meta property=\"article:modified_time\" content=\"2023-08-01T09:58:56+00:00\" \/>\n<meta property=\"og:image\" content=\"https:\/\/www.psychopathoado-bordeaux.fr\/wp-content\/uploads\/2022\/02\/Affiche-CAPA-mars-2022-1024x899.png\" \/>\n\t<meta property=\"og:image:width\" content=\"1024\" \/>\n\t<meta property=\"og:image:height\" content=\"899\" \/>\n\t<meta property=\"og:image:type\" content=\"image\/png\" \/>\n<meta name=\"author\" content=\"jbouanani\" \/>\n<meta name=\"twitter:card\" content=\"summary_large_image\" \/>\n<meta name=\"twitter:label1\" content=\"\u00c9crit par\" \/>\n\t<meta name=\"twitter:data1\" content=\"jbouanani\" \/>\n\t<meta name=\"twitter:label2\" content=\"Dur\u00e9e de lecture estim\u00e9e\" \/>\n\t<meta name=\"twitter:data2\" content=\"2 minutes\" \/>\n<script type=\"application\/ld+json\" class=\"yoast-schema-graph\">{\"@context\":\"https:\/\/schema.org\",\"@graph\":[{\"@type\":\"Article\",\"@id\":\"https:\/\/www.psychopathoado-bordeaux.fr\/index.php\/2022\/02\/15\/colloque-2022-du-capa\/#article\",\"isPartOf\":{\"@id\":\"https:\/\/www.psychopathoado-bordeaux.fr\/index.php\/2022\/02\/15\/colloque-2022-du-capa\/\"},\"author\":{\"name\":\"jbouanani\",\"@id\":\"https:\/\/www.psychopathoado-bordeaux.fr\/#\/schema\/person\/ce5a2132dfa4d260f73bb7b8e26385dd\"},\"headline\":\"Colloque 2022 du CAPA\",\"datePublished\":\"2022-02-15T17:46:57+00:00\",\"dateModified\":\"2023-08-01T09:58:56+00:00\",\"mainEntityOfPage\":{\"@id\":\"https:\/\/www.psychopathoado-bordeaux.fr\/index.php\/2022\/02\/15\/colloque-2022-du-capa\/\"},\"wordCount\":279,\"commentCount\":0,\"publisher\":{\"@id\":\"https:\/\/www.psychopathoado-bordeaux.fr\/#organization\"},\"image\":{\"@id\":\"https:\/\/www.psychopathoado-bordeaux.fr\/index.php\/2022\/02\/15\/colloque-2022-du-capa\/#primaryimage\"},\"thumbnailUrl\":\"https:\/\/www.psychopathoado-bordeaux.fr\/wp-content\/uploads\/2022\/02\/Affiche-CAPA-mars-2022.png\",\"articleSection\":[\"historique des \u00e9v\u00e8nements\"],\"inLanguage\":\"fr-FR\",\"potentialAction\":[{\"@type\":\"CommentAction\",\"name\":\"Comment\",\"target\":[\"https:\/\/www.psychopathoado-bordeaux.fr\/index.php\/2022\/02\/15\/colloque-2022-du-capa\/#respond\"]}]},{\"@type\":\"WebPage\",\"@id\":\"https:\/\/www.psychopathoado-bordeaux.fr\/index.php\/2022\/02\/15\/colloque-2022-du-capa\/\",\"url\":\"https:\/\/www.psychopathoado-bordeaux.fr\/index.php\/2022\/02\/15\/colloque-2022-du-capa\/\",\"name\":\"Colloque 2022 du CAPA - CAPA\",\"isPartOf\":{\"@id\":\"https:\/\/www.psychopathoado-bordeaux.fr\/#website\"},\"primaryImageOfPage\":{\"@id\":\"https:\/\/www.psychopathoado-bordeaux.fr\/index.php\/2022\/02\/15\/colloque-2022-du-capa\/#primaryimage\"},\"image\":{\"@id\":\"https:\/\/www.psychopathoado-bordeaux.fr\/index.php\/2022\/02\/15\/colloque-2022-du-capa\/#primaryimage\"},\"thumbnailUrl\":\"https:\/\/www.psychopathoado-bordeaux.fr\/wp-content\/uploads\/2022\/02\/Affiche-CAPA-mars-2022.png\",\"datePublished\":\"2022-02-15T17:46:57+00:00\",\"dateModified\":\"2023-08-01T09:58:56+00:00\",\"breadcrumb\":{\"@id\":\"https:\/\/www.psychopathoado-bordeaux.fr\/index.php\/2022\/02\/15\/colloque-2022-du-capa\/#breadcrumb\"},\"inLanguage\":\"fr-FR\",\"potentialAction\":[{\"@type\":\"ReadAction\",\"target\":[\"https:\/\/www.psychopathoado-bordeaux.fr\/index.php\/2022\/02\/15\/colloque-2022-du-capa\/\"]}]},{\"@type\":\"ImageObject\",\"inLanguage\":\"fr-FR\",\"@id\":\"https:\/\/www.psychopathoado-bordeaux.fr\/index.php\/2022\/02\/15\/colloque-2022-du-capa\/#primaryimage\",\"url\":\"https:\/\/www.psychopathoado-bordeaux.fr\/wp-content\/uploads\/2022\/02\/Affiche-CAPA-mars-2022.png\",\"contentUrl\":\"https:\/\/www.psychopathoado-bordeaux.fr\/wp-content\/uploads\/2022\/02\/Affiche-CAPA-mars-2022.png\",\"width\":2825,\"height\":2480,\"caption\":\"Affiche CAPA mars 2022\"},{\"@type\":\"BreadcrumbList\",\"@id\":\"https:\/\/www.psychopathoado-bordeaux.fr\/index.php\/2022\/02\/15\/colloque-2022-du-capa\/#breadcrumb\",\"itemListElement\":[{\"@type\":\"ListItem\",\"position\":1,\"name\":\"Accueil\",\"item\":\"https:\/\/www.psychopathoado-bordeaux.fr\/\"},{\"@type\":\"ListItem\",\"position\":2,\"name\":\"Colloque 2022 du CAPA\"}]},{\"@type\":\"WebSite\",\"@id\":\"https:\/\/www.psychopathoado-bordeaux.fr\/#website\",\"url\":\"https:\/\/www.psychopathoado-bordeaux.fr\/\",\"name\":\"CAPA - Coll\u00e8ge Aquitain de Psychopathologie de l'Adolescent\",\"description\":\"Coll\u00e8ge Aquitain de Psychopathologie de l&#039;Adolescent\",\"publisher\":{\"@id\":\"https:\/\/www.psychopathoado-bordeaux.fr\/#organization\"},\"potentialAction\":[{\"@type\":\"SearchAction\",\"target\":{\"@type\":\"EntryPoint\",\"urlTemplate\":\"https:\/\/www.psychopathoado-bordeaux.fr\/?s={search_term_string}\"},\"query-input\":{\"@type\":\"PropertyValueSpecification\",\"valueRequired\":true,\"valueName\":\"search_term_string\"}}],\"inLanguage\":\"fr-FR\"},{\"@type\":\"Organization\",\"@id\":\"https:\/\/www.psychopathoado-bordeaux.fr\/#organization\",\"name\":\"CAPA - Coll\u00e8ge Aquitain de Psychopathologie de l'Adolescent\",\"url\":\"https:\/\/www.psychopathoado-bordeaux.fr\/\",\"logo\":{\"@type\":\"ImageObject\",\"inLanguage\":\"fr-FR\",\"@id\":\"https:\/\/www.psychopathoado-bordeaux.fr\/#\/schema\/logo\/image\/\",\"url\":\"https:\/\/www.psychopathoado-bordeaux.fr\/wp-content\/uploads\/2022\/02\/logo-true-blue3-1.png\",\"contentUrl\":\"https:\/\/www.psychopathoado-bordeaux.fr\/wp-content\/uploads\/2022\/02\/logo-true-blue3-1.png\",\"width\":301,\"height\":300,\"caption\":\"CAPA - Coll\u00e8ge Aquitain de Psychopathologie de l'Adolescent\"},\"image\":{\"@id\":\"https:\/\/www.psychopathoado-bordeaux.fr\/#\/schema\/logo\/image\/\"}},{\"@type\":\"Person\",\"@id\":\"https:\/\/www.psychopathoado-bordeaux.fr\/#\/schema\/person\/ce5a2132dfa4d260f73bb7b8e26385dd\",\"name\":\"jbouanani\",\"image\":{\"@type\":\"ImageObject\",\"inLanguage\":\"fr-FR\",\"@id\":\"https:\/\/www.psychopathoado-bordeaux.fr\/#\/schema\/person\/image\/\",\"url\":\"https:\/\/secure.gravatar.com\/avatar\/c691c485d8129525cdfa6062c0da59f3d7589639f536ba8550c1730bba833175?s=96&d=mm&r=g\",\"contentUrl\":\"https:\/\/secure.gravatar.com\/avatar\/c691c485d8129525cdfa6062c0da59f3d7589639f536ba8550c1730bba833175?s=96&d=mm&r=g\",\"caption\":\"jbouanani\"},\"sameAs\":[\"http:\/\/www.myjeedhome.ovh\"],\"url\":\"https:\/\/www.psychopathoado-bordeaux.fr\/index.php\/author\/jbouanani\/\"}]}<\/script>\n<!-- \/ Yoast SEO plugin. -->","yoast_head_json":{"title":"Colloque 2022 du CAPA - CAPA","robots":{"index":"index","follow":"follow","max-snippet":"max-snippet:-1","max-image-preview":"max-image-preview:large","max-video-preview":"max-video-preview:-1"},"canonical":"https:\/\/www.psychopathoado-bordeaux.fr\/index.php\/2022\/02\/15\/colloque-2022-du-capa\/","og_locale":"fr_FR","og_type":"article","og_title":"Colloque 2022 du CAPA - CAPA","og_description":"\u00ab \u00abNE PAS \u00caTRE POUR \u00caTRE\u00bb LE D\u00c9CROCHAGE, UNE CLINIQUE ACTUELLE DE L\u2019ADOLESCENCE ? \u00bb \u201cNE PAS \u00caTRE POUR \u00caTRE\u201d LE D\u00c9CROCHAGE, UNE CLINIQUE ACTUELLE DE L\u2019ADOLESCENCE ? ARGUMENT du XXI\u00e8me COLLOQUE du CAPA \u00ab Ne pas \u00eatre pour \u00eatre. \u00bb Ils d\u00e9crochent\u2026 mais de quoi ? Choisissent-ils leur exil ? &#8211; O\u00f9 vas-tu ? [&hellip;]","og_url":"https:\/\/www.psychopathoado-bordeaux.fr\/index.php\/2022\/02\/15\/colloque-2022-du-capa\/","og_site_name":"CAPA","article_published_time":"2022-02-15T17:46:57+00:00","article_modified_time":"2023-08-01T09:58:56+00:00","og_image":[{"width":1024,"height":899,"url":"https:\/\/www.psychopathoado-bordeaux.fr\/wp-content\/uploads\/2022\/02\/Affiche-CAPA-mars-2022-1024x899.png","type":"image\/png"}],"author":"jbouanani","twitter_card":"summary_large_image","twitter_misc":{"\u00c9crit par":"jbouanani","Dur\u00e9e de lecture estim\u00e9e":"2 minutes"},"schema":{"@context":"https:\/\/schema.org","@graph":[{"@type":"Article","@id":"https:\/\/www.psychopathoado-bordeaux.fr\/index.php\/2022\/02\/15\/colloque-2022-du-capa\/#article","isPartOf":{"@id":"https:\/\/www.psychopathoado-bordeaux.fr\/index.php\/2022\/02\/15\/colloque-2022-du-capa\/"},"author":{"name":"jbouanani","@id":"https:\/\/www.psychopathoado-bordeaux.fr\/#\/schema\/person\/ce5a2132dfa4d260f73bb7b8e26385dd"},"headline":"Colloque 2022 du CAPA","datePublished":"2022-02-15T17:46:57+00:00","dateModified":"2023-08-01T09:58:56+00:00","mainEntityOfPage":{"@id":"https:\/\/www.psychopathoado-bordeaux.fr\/index.php\/2022\/02\/15\/colloque-2022-du-capa\/"},"wordCount":279,"commentCount":0,"publisher":{"@id":"https:\/\/www.psychopathoado-bordeaux.fr\/#organization"},"image":{"@id":"https:\/\/www.psychopathoado-bordeaux.fr\/index.php\/2022\/02\/15\/colloque-2022-du-capa\/#primaryimage"},"thumbnailUrl":"https:\/\/www.psychopathoado-bordeaux.fr\/wp-content\/uploads\/2022\/02\/Affiche-CAPA-mars-2022.png","articleSection":["historique des \u00e9v\u00e8nements"],"inLanguage":"fr-FR","potentialAction":[{"@type":"CommentAction","name":"Comment","target":["https:\/\/www.psychopathoado-bordeaux.fr\/index.php\/2022\/02\/15\/colloque-2022-du-capa\/#respond"]}]},{"@type":"WebPage","@id":"https:\/\/www.psychopathoado-bordeaux.fr\/index.php\/2022\/02\/15\/colloque-2022-du-capa\/","url":"https:\/\/www.psychopathoado-bordeaux.fr\/index.php\/2022\/02\/15\/colloque-2022-du-capa\/","name":"Colloque 2022 du CAPA - CAPA","isPartOf":{"@id":"https:\/\/www.psychopathoado-bordeaux.fr\/#website"},"primaryImageOfPage":{"@id":"https:\/\/www.psychopathoado-bordeaux.fr\/index.php\/2022\/02\/15\/colloque-2022-du-capa\/#primaryimage"},"image":{"@id":"https:\/\/www.psychopathoado-bordeaux.fr\/index.php\/2022\/02\/15\/colloque-2022-du-capa\/#primaryimage"},"thumbnailUrl":"https:\/\/www.psychopathoado-bordeaux.fr\/wp-content\/uploads\/2022\/02\/Affiche-CAPA-mars-2022.png","datePublished":"2022-02-15T17:46:57+00:00","dateModified":"2023-08-01T09:58:56+00:00","breadcrumb":{"@id":"https:\/\/www.psychopathoado-bordeaux.fr\/index.php\/2022\/02\/15\/colloque-2022-du-capa\/#breadcrumb"},"inLanguage":"fr-FR","potentialAction":[{"@type":"ReadAction","target":["https:\/\/www.psychopathoado-bordeaux.fr\/index.php\/2022\/02\/15\/colloque-2022-du-capa\/"]}]},{"@type":"ImageObject","inLanguage":"fr-FR","@id":"https:\/\/www.psychopathoado-bordeaux.fr\/index.php\/2022\/02\/15\/colloque-2022-du-capa\/#primaryimage","url":"https:\/\/www.psychopathoado-bordeaux.fr\/wp-content\/uploads\/2022\/02\/Affiche-CAPA-mars-2022.png","contentUrl":"https:\/\/www.psychopathoado-bordeaux.fr\/wp-content\/uploads\/2022\/02\/Affiche-CAPA-mars-2022.png","width":2825,"height":2480,"caption":"Affiche CAPA mars 2022"},{"@type":"BreadcrumbList","@id":"https:\/\/www.psychopathoado-bordeaux.fr\/index.php\/2022\/02\/15\/colloque-2022-du-capa\/#breadcrumb","itemListElement":[{"@type":"ListItem","position":1,"name":"Accueil","item":"https:\/\/www.psychopathoado-bordeaux.fr\/"},{"@type":"ListItem","position":2,"name":"Colloque 2022 du CAPA"}]},{"@type":"WebSite","@id":"https:\/\/www.psychopathoado-bordeaux.fr\/#website","url":"https:\/\/www.psychopathoado-bordeaux.fr\/","name":"CAPA - Coll\u00e8ge Aquitain de Psychopathologie de l'Adolescent","description":"Coll\u00e8ge Aquitain de Psychopathologie de l&#039;Adolescent","publisher":{"@id":"https:\/\/www.psychopathoado-bordeaux.fr\/#organization"},"potentialAction":[{"@type":"SearchAction","target":{"@type":"EntryPoint","urlTemplate":"https:\/\/www.psychopathoado-bordeaux.fr\/?s={search_term_string}"},"query-input":{"@type":"PropertyValueSpecification","valueRequired":true,"valueName":"search_term_string"}}],"inLanguage":"fr-FR"},{"@type":"Organization","@id":"https:\/\/www.psychopathoado-bordeaux.fr\/#organization","name":"CAPA - Coll\u00e8ge Aquitain de Psychopathologie de l'Adolescent","url":"https:\/\/www.psychopathoado-bordeaux.fr\/","logo":{"@type":"ImageObject","inLanguage":"fr-FR","@id":"https:\/\/www.psychopathoado-bordeaux.fr\/#\/schema\/logo\/image\/","url":"https:\/\/www.psychopathoado-bordeaux.fr\/wp-content\/uploads\/2022\/02\/logo-true-blue3-1.png","contentUrl":"https:\/\/www.psychopathoado-bordeaux.fr\/wp-content\/uploads\/2022\/02\/logo-true-blue3-1.png","width":301,"height":300,"caption":"CAPA - Coll\u00e8ge Aquitain de Psychopathologie de l'Adolescent"},"image":{"@id":"https:\/\/www.psychopathoado-bordeaux.fr\/#\/schema\/logo\/image\/"}},{"@type":"Person","@id":"https:\/\/www.psychopathoado-bordeaux.fr\/#\/schema\/person\/ce5a2132dfa4d260f73bb7b8e26385dd","name":"jbouanani","image":{"@type":"ImageObject","inLanguage":"fr-FR","@id":"https:\/\/www.psychopathoado-bordeaux.fr\/#\/schema\/person\/image\/","url":"https:\/\/secure.gravatar.com\/avatar\/c691c485d8129525cdfa6062c0da59f3d7589639f536ba8550c1730bba833175?s=96&d=mm&r=g","contentUrl":"https:\/\/secure.gravatar.com\/avatar\/c691c485d8129525cdfa6062c0da59f3d7589639f536ba8550c1730bba833175?s=96&d=mm&r=g","caption":"jbouanani"},"sameAs":["http:\/\/www.myjeedhome.ovh"],"url":"https:\/\/www.psychopathoado-bordeaux.fr\/index.php\/author\/jbouanani\/"}]}},"_links":{"self":[{"href":"https:\/\/www.psychopathoado-bordeaux.fr\/index.php\/wp-json\/wp\/v2\/posts\/105","targetHints":{"allow":["GET"]}}],"collection":[{"href":"https:\/\/www.psychopathoado-bordeaux.fr\/index.php\/wp-json\/wp\/v2\/posts"}],"about":[{"href":"https:\/\/www.psychopathoado-bordeaux.fr\/index.php\/wp-json\/wp\/v2\/types\/post"}],"author":[{"embeddable":true,"href":"https:\/\/www.psychopathoado-bordeaux.fr\/index.php\/wp-json\/wp\/v2\/users\/1"}],"replies":[{"embeddable":true,"href":"https:\/\/www.psychopathoado-bordeaux.fr\/index.php\/wp-json\/wp\/v2\/comments?post=105"}],"version-history":[{"count":75,"href":"https:\/\/www.psychopathoado-bordeaux.fr\/index.php\/wp-json\/wp\/v2\/posts\/105\/revisions"}],"predecessor-version":[{"id":1490,"href":"https:\/\/www.psychopathoado-bordeaux.fr\/index.php\/wp-json\/wp\/v2\/posts\/105\/revisions\/1490"}],"wp:featuredmedia":[{"embeddable":true,"href":"https:\/\/www.psychopathoado-bordeaux.fr\/index.php\/wp-json\/wp\/v2\/media\/803"}],"wp:attachment":[{"href":"https:\/\/www.psychopathoado-bordeaux.fr\/index.php\/wp-json\/wp\/v2\/media?parent=105"}],"wp:term":[{"taxonomy":"category","embeddable":true,"href":"https:\/\/www.psychopathoado-bordeaux.fr\/index.php\/wp-json\/wp\/v2\/categories?post=105"},{"taxonomy":"post_tag","embeddable":true,"href":"https:\/\/www.psychopathoado-bordeaux.fr\/index.php\/wp-json\/wp\/v2\/tags?post=105"}],"curies":[{"name":"wp","href":"https:\/\/api.w.org\/{rel}","templated":true}]}}